{"id":9814,"date":"2024-04-30T10:29:31","date_gmt":"2024-04-30T08:29:31","guid":{"rendered":"https:\/\/berlinusk.org\/?p=9814"},"modified":"2024-05-15T18:41:56","modified_gmt":"2024-05-15T16:41:56","slug":"30-mai-2-juni-urban-sketching-auf-dem-comicsalon-erlangen","status":"publish","type":"post","link":"https:\/\/berlinusk.org\/en\/info\/30-mai-2-juni-urban-sketching-auf-dem-comicsalon-erlangen\/","title":{"rendered":"30. Mai &#8211; 2. Juni | Urban Sketching auf dem Comicsalon Erlangen"},"content":{"rendered":"<p><a href=\"https:\/\/www.comic-salon.de\/de\/urban-sketching-die-welt-im-skizzenbuch\"><img loading=\"lazy\" decoding=\"async\" class=\"alignnone wp-image-9815 size-large\" src=\"https:\/\/berlinusk.org\/wp-content\/uploads\/2024\/04\/240419-CoSaErlangen-Insta-001-1024x1024.jpg\" alt=\"\" width=\"1024\" height=\"1024\" srcset=\"https:\/\/berlinusk.org\/wp-content\/uploads\/2024\/04\/240419-CoSaErlangen-Insta-001-1024x1024.jpg 1024w, https:\/\/berlinusk.org\/wp-content\/uploads\/2024\/04\/240419-CoSaErlangen-Insta-001-300x300.jpg 300w, https:\/\/berlinusk.org\/wp-content\/uploads\/2024\/04\/240419-CoSaErlangen-Insta-001-150x150.jpg 150w, https:\/\/berlinusk.org\/wp-content\/uploads\/2024\/04\/240419-CoSaErlangen-Insta-001-768x768.jpg 768w, https:\/\/berlinusk.org\/wp-content\/uploads\/2024\/04\/240419-CoSaErlangen-Insta-001.jpg 1240w\" sizes=\"auto, (max-width: 1024px) 100vw, 1024px\" \/><\/a><\/p>\n<p>Ende Mai gibt es nur knapp 4 Zugstunden von Berlin entfernt eine tolle Veranstaltung!<\/p>\n<p>&#8222;W\u00e4hrend des internationalen Comicsalons in Erlangen von Donnerstag, 30.Mai &#8211; Sonntag, 2. Juni 2024 wird es ein umfangreiches Sonderprogramm zum Thema Urban Sketching geben!<br \/>\nWie erz\u00e4hlen Urban Sketcher Geschichten, wie dokumentieren sie das Allt\u00e4gliche und Besondere?<br \/>\n10 internationale K\u00fcnstler geben bei Workshops, Sketchcrawls, Lesungen und der gro\u00dfen Themen-Ausstellung Einblicke in ihre Skizzenb\u00fccher und ihre Arbeitsweise. Freut Euch auf<br \/>\nInma Serrano\/Sevilla<br \/>\nRob Sketcherman\/Hongkong<br \/>\nKousuke Takebayashi\/Kyoto<br \/>\nThomas von Kummant\/M\u00fcnchen<br \/>\nMarina Grechanik\/Tel Aviv<br \/>\nRichard Briggs\/Sydney<br \/>\nLapin\/Barcelona<br \/>\nLis Watkins\/London<br \/>\nSebastian L\u00f6rscher\/Berlin<\/p>\n<p>Ein gro\u00dfer Teil des Rahmenprogramms ist umsonst oder mit der Eintrittskarte vom Comicsalon zu besuchen. Die Workshops (teilweise auf Englisch) kosten 15 Euro pro Person. Nutzt die einmalige M\u00f6glichkeit, den weitgereisten Zeichnern \u00fcber die Schulter zu schauen!<br \/>\nDie Ausstellung und das vielf\u00e4ltige Rahmenprogramm werden organisiert und zusammengestellt von Johanna Krimmel &amp; Jenny Adam in Zusammenarbeit mit dem Kulturamt Erlangen und USk Erlangen.&#8220;<\/p>\n<p><a href=\"https:\/\/www.instagram.com\/p\/C584Rv-t3Da\/?utm_source=ig_web_copy_link&amp;igsh=MzRlODBiNWFlZA==\" target=\"_blank\" rel=\"noopener\">Zitiert vom Instagram-Kanal der @uskrheinmain<\/a><\/p>\n<h3><a href=\"https:\/\/www.comic-salon.de\/de\/urban-sketching-die-welt-im-skizzenbuch\">F\u00fcr Programm und Anmeldung hier klicken!<\/a><\/h3>\n<p><a href=\"https:\/\/berlinusk.org\/wp-content\/uploads\/2024\/04\/240419-CoSaErlangen-Insta-012.jpg\"><img loading=\"lazy\" decoding=\"async\" class=\"alignnone size-large wp-image-9816\" src=\"https:\/\/berlinusk.org\/wp-content\/uploads\/2024\/04\/240419-CoSaErlangen-Insta-012-1024x1024.jpg\" alt=\"\" width=\"1024\" height=\"1024\" srcset=\"https:\/\/berlinusk.org\/wp-content\/uploads\/2024\/04\/240419-CoSaErlangen-Insta-012-1024x1024.jpg 1024w, https:\/\/berlinusk.org\/wp-content\/uploads\/2024\/04\/240419-CoSaErlangen-Insta-012-300x300.jpg 300w, https:\/\/berlinusk.org\/wp-content\/uploads\/2024\/04\/240419-CoSaErlangen-Insta-012-150x150.jpg 150w, https:\/\/berlinusk.org\/wp-content\/uploads\/2024\/04\/240419-CoSaErlangen-Insta-012-768x768.jpg 768w, https:\/\/berlinusk.org\/wp-content\/uploads\/2024\/04\/240419-CoSaErlangen-Insta-012.jpg 1240w\" sizes=\"auto, (max-width: 1024px) 100vw, 1024px\" \/><\/a> <a href=\"https:\/\/berlinusk.org\/wp-content\/uploads\/2024\/04\/240419-CoSaErlangen-Insta-013.jpg\"><img loading=\"lazy\" decoding=\"async\" class=\"alignnone size-large wp-image-9817\" src=\"https:\/\/berlinusk.org\/wp-content\/uploads\/2024\/04\/240419-CoSaErlangen-Insta-013-1024x1024.jpg\" alt=\"\" width=\"1024\" height=\"1024\" srcset=\"https:\/\/berlinusk.org\/wp-content\/uploads\/2024\/04\/240419-CoSaErlangen-Insta-013-1024x1024.jpg 1024w, https:\/\/berlinusk.org\/wp-content\/uploads\/2024\/04\/240419-CoSaErlangen-Insta-013-300x300.jpg 300w, https:\/\/berlinusk.org\/wp-content\/uploads\/2024\/04\/240419-CoSaErlangen-Insta-013-150x150.jpg 150w, https:\/\/berlinusk.org\/wp-content\/uploads\/2024\/04\/240419-CoSaErlangen-Insta-013-768x768.jpg 768w, https:\/\/berlinusk.org\/wp-content\/uploads\/2024\/04\/240419-CoSaErlangen-Insta-013.jpg 1240w\" sizes=\"auto, (max-width: 1024px) 100vw, 1024px\" \/><\/a><\/p>","protected":false},"excerpt":{"rendered":"<p>Ende Mai gibt es nur knapp 4 Zugstunden von Berlin entfernt eine tolle Veranstaltung! &#8222;W\u00e4hrend des internationalen Comicsalons in Erlangen von Donnerstag, 30.Mai &#8211; Sonntag, 2. Juni 2024 wird es ein umfangreiches Sonderprogramm zum Thema Urban Sketching geben! Wie erz\u00e4hlen Urban Sketcher Geschichten, wie dokumentieren sie das Allt\u00e4gliche und Besondere? 10 internationale K\u00fcnstler geben bei [&hellip;]<\/p>\n","protected":false},"author":1,"featured_media":9818,"comment_status":"open","ping_status":"open","sticky":false,"template":"","format":"standard","meta":{"footnotes":""},"categories":[146],"tags":[],"class_list":["post-9814","post","type-post","status-publish","format-standard","has-post-thumbnail","hentry","category-info"],"mb":[],"mfb_rest_fields":["title"],"post_mailing_queue_ids":[],"_links":{"self":[{"href":"https:\/\/berlinusk.org\/en\/wp-json\/wp\/v2\/posts\/9814","targetHints":{"allow":["GET"]}}],"collection":[{"href":"https:\/\/berlinusk.org\/en\/wp-json\/wp\/v2\/posts"}],"about":[{"href":"https:\/\/berlinusk.org\/en\/wp-json\/wp\/v2\/types\/post"}],"author":[{"embeddable":true,"href":"https:\/\/berlinusk.org\/en\/wp-json\/wp\/v2\/users\/1"}],"replies":[{"embeddable":true,"href":"https:\/\/berlinusk.org\/en\/wp-json\/wp\/v2\/comments?post=9814"}],"version-history":[{"count":3,"href":"https:\/\/berlinusk.org\/en\/wp-json\/wp\/v2\/posts\/9814\/revisions"}],"predecessor-version":[{"id":9867,"href":"https:\/\/berlinusk.org\/en\/wp-json\/wp\/v2\/posts\/9814\/revisions\/9867"}],"wp:featuredmedia":[{"embeddable":true,"href":"https:\/\/berlinusk.org\/en\/wp-json\/wp\/v2\/media\/9818"}],"wp:attachment":[{"href":"https:\/\/berlinusk.org\/en\/wp-json\/wp\/v2\/media?parent=9814"}],"wp:term":[{"taxonomy":"category","embeddable":true,"href":"https:\/\/berlinusk.org\/en\/wp-json\/wp\/v2\/categories?post=9814"},{"taxonomy":"post_tag","embeddable":true,"href":"https:\/\/berlinusk.org\/en\/wp-json\/wp\/v2\/tags?post=9814"}],"curies":[{"name":"wp","href":"https:\/\/api.w.org\/{rel}","templated":true}]}}