{"id":9491,"date":"2024-01-21T11:45:58","date_gmt":"2024-01-21T09:45:58","guid":{"rendered":"https:\/\/berlinusk.org\/?p=9491"},"modified":"2024-01-21T12:02:32","modified_gmt":"2024-01-21T10:02:32","slug":"21-jan-2024-demonstrieren-und-zeichnen","status":"publish","type":"post","link":"https:\/\/berlinusk.org\/en\/zeichentreffen\/21-jan-2024-demonstrieren-und-zeichnen\/","title":{"rendered":"21 Jan 2024 | Demonstrieren und Zeichnen"},"content":{"rendered":"<div>\n<p class=\"_ap3a _aaco _aacu _aacx _aad7 _aade\" dir=\"auto\">Zeit: Sonntag, 21. Januar 2024, 16:00-18:00 Uhr<br \/>\nTreffpunkt: Platz der Republik (vor dem Bundestag)<br \/>\nZeichentreffen von Alrun Schmidtke<\/p>\n<\/div>\n<div class=\"xdj266r x11i5rnm xat24cr x1mh8g0r x1vvkbs\">Lust auf Reportage Drawing? Seid dabei, wenn am Sonntag ab 16 Uhr der Demonstrationszug vom B\u00fcndnis ZusammenGegenRechts durch Berlins Mitte zieht. <a class=\"x1i10hfl xjbqb8w x6umtig x1b1mbwd xaqea5y xav7gou x9f619 x1ypdohk xt0psk2 xe8uvvx xdj266r x11i5rnm xat24cr x1mh8g0r xexx8yu x4uap5 x18d9i69 xkhd6sd x16tdsg8 x1hl2dhg xggy1nq x1a2a7pz xt0b8zv xzsf02u x1s688f\" tabindex=\"0\" role=\"link\" href=\"https:\/\/www.facebook.com\/hashtag\/wirzeichneneinzeichen?__eep__=6&amp;__cft__[0]=AZVOg8NK8Dzw8in2q2QAptXmYa8n9_YdljSiR7Kc8oevNgtl4909hA_5FSvjmSKi9sagRWcKewmPmbdSz6_RbKWcfVihB4lTv2ypVVcPddevjQ&amp;__tn__=q\">#wirzeichneneinzeichen<\/a> \u2013 f\u00fcr Menschenrechte und gegen Rassismus.<\/div>\n<div class=\"x11i5rnm xat24cr x1mh8g0r x1vvkbs xtlvy1s\">Angemeldete Strecke der Demonstration: Platz der Republik &#8211; Scheidemannstra\u00dfe &#8211; Dorotheenstra\u00dfe &#8211; Wilhelmstra\u00dfe &#8211; Marschallbr\u00fccke &#8211; Luisenstra\u00dfe &#8211; Reinhardsta\u00dfe &#8211; Konrad-Adenauer-Stra\u00dfe &#8211; Otto-von-Bismarck-Allee &#8211; Annemarie-Renger-Stra\u00dfe &#8211; Paul-L\u00f6be-Allee &#8211; Heinrich-von-Gagern-Stra\u00dfe &#8211; Platz der Republik<\/div>\n<div><\/div>\n<div class=\"x11i5rnm xat24cr x1mh8g0r x1vvkbs xtlvy1s\">\u201cThrowdown\u201d: digital auf Instagram \u2013 f\u00fcgt in den Stories die Erw\u00e4hnung @uskberlin hinzu, dann k\u00f6nnen wir reposten. Und um 20 Uhr ist ein Tisch f\u00fcr uns reserviert im Offside, einer Kneipe in der N\u00e4he vom S Bornholmer Stra\u00dfe \u2013 dann ist vorher Zeit f\u00fcr ein Abendessen oder andere Verz\u00f6gerungen im Betriebsablauf.<\/div>\n","protected":false},"excerpt":{"rendered":"<p>Zeit: Sonntag, 21. Januar 2024, 16:00-18:00 Uhr Treffpunkt: Platz der Republik (vor dem Bundestag) Zeichentreffen von Alrun Schmidtke Lust auf Reportage Drawing? Seid dabei, wenn am Sonntag ab 16 Uhr der Demonstrationszug vom B\u00fcndnis ZusammenGegenRechts durch Berlins Mitte zieht. #wirzeichneneinzeichen \u2013 f\u00fcr Menschenrechte und gegen Rassismus. Angemeldete Strecke der Demonstration: Platz der Republik &#8211; Scheidemannstra\u00dfe [&hellip;]<\/p>\n","protected":false},"author":13,"featured_media":9492,"comment_status":"open","ping_status":"open","sticky":false,"template":"wp-custom-template-zeichentreffen","format":"standard","meta":{"footnotes":""},"categories":[145],"tags":[],"class_list":["post-9491","post","type-post","status-publish","format-standard","has-post-thumbnail","hentry","category-zeichentreffen"],"mb":[],"mfb_rest_fields":["title"],"post_mailing_queue_ids":[],"_links":{"self":[{"href":"https:\/\/berlinusk.org\/en\/wp-json\/wp\/v2\/posts\/9491","targetHints":{"allow":["GET"]}}],"collection":[{"href":"https:\/\/berlinusk.org\/en\/wp-json\/wp\/v2\/posts"}],"about":[{"href":"https:\/\/berlinusk.org\/en\/wp-json\/wp\/v2\/types\/post"}],"author":[{"embeddable":true,"href":"https:\/\/berlinusk.org\/en\/wp-json\/wp\/v2\/users\/13"}],"replies":[{"embeddable":true,"href":"https:\/\/berlinusk.org\/en\/wp-json\/wp\/v2\/comments?post=9491"}],"version-history":[{"count":1,"href":"https:\/\/berlinusk.org\/en\/wp-json\/wp\/v2\/posts\/9491\/revisions"}],"predecessor-version":[{"id":9493,"href":"https:\/\/berlinusk.org\/en\/wp-json\/wp\/v2\/posts\/9491\/revisions\/9493"}],"wp:featuredmedia":[{"embeddable":true,"href":"https:\/\/berlinusk.org\/en\/wp-json\/wp\/v2\/media\/9492"}],"wp:attachment":[{"href":"https:\/\/berlinusk.org\/en\/wp-json\/wp\/v2\/media?parent=9491"}],"wp:term":[{"taxonomy":"category","embeddable":true,"href":"https:\/\/berlinusk.org\/en\/wp-json\/wp\/v2\/categories?post=9491"},{"taxonomy":"post_tag","embeddable":true,"href":"https:\/\/berlinusk.org\/en\/wp-json\/wp\/v2\/tags?post=9491"}],"curies":[{"name":"wp","href":"https:\/\/api.w.org\/{rel}","templated":true}]}}