{"id":9331,"date":"2023-10-31T19:41:02","date_gmt":"2023-10-31T17:41:02","guid":{"rendered":"https:\/\/berlinusk.org\/?p=9331"},"modified":"2023-10-31T19:41:02","modified_gmt":"2023-10-31T17:41:02","slug":"blick-von-der-east-side-gallery-in-richtung-oberbaumbruecke-und-ehem-cuvry-brache","status":"publish","type":"post","link":"https:\/\/berlinusk.org\/en\/busk23_galerie\/blick-von-der-east-side-gallery-in-richtung-oberbaumbruecke-und-ehem-cuvry-brache\/","title":{"rendered":"Blick von der East Side Gallery in Richtung Oberbaumbr\u00fccke und ehem. Cuvry-Brache"},"content":{"rendered":"<p>Letzter Stopp beim Sketchwalk Partytram (F19), der uns von der Kulturbrauerei \u00fcbers Kino Kosmos bis hierhin zur East Side Gallery f\u00fchrte. Die &#8222;Partytram&#8220; M10 endet kurz vor der Oberbaumbr\u00fccke, aber gerade f\u00e4hrt eine U1 \u00fcber den ikonischen Backsteinbau. Auch typisch Berlin: der Kran im Bild.<\/p>\n<p>Beim Sketchwalk sind wir &#8222;Orten der Einheit&#8220; gefolgt und haben jeweils kurze Einf\u00fchrungen geh\u00f6rt, was dieser Ort mit dem Zusammenwachsen von Ost und West zu tun hat. Die mittlerweile bebaute Cuvry-Brache ist im Hintergrund des Sketches angedeutet und erinnert daran, dass auf dieser Seite der Br\u00fccke einst die freie Welt zu Ende war (am Rand der Mauer wohnen? West-Berliner Wohnraum war bis 1989 alles andere als \u00fcbernachgefragt und hier war lange einfach \u201cnichts\u201d &#8211; Brachland).<\/p>\n<p>Highlight des Walks war die tolle Gruppe, die sich hier ganz ungest\u00f6rt hinter dem l\u00e4ngsten noch erhaltenen St\u00fcck der Berliner Mauer verteilen konnte.<\/p>\n<p>(Aquarell, dann Tinte, dann Brushpen, ca. 28&#215;19 cm)<\/p>","protected":false},"excerpt":{"rendered":"<p>Letzter Stopp beim Sketchwalk Partytram (F19), der uns von der Kulturbrauerei \u00fcbers Kino Kosmos bis hierhin zur East Side Gallery f\u00fchrte. Die &#8222;Partytram&#8220; M10 endet kurz vor der Oberbaumbr\u00fccke, aber gerade f\u00e4hrt eine U1 \u00fcber den ikonischen Backsteinbau. Auch typisch Berlin: der Kran im Bild. Beim Sketchwalk sind wir &#8222;Orten der Einheit&#8220; gefolgt und haben [&hellip;]<\/p>\n","protected":false},"author":10,"featured_media":9330,"comment_status":"open","ping_status":"open","sticky":false,"template":"wp-custom-template-post-busk-23-galerie","format":"standard","meta":{"footnotes":""},"categories":[138],"tags":[188],"class_list":["post-9331","post","type-post","status-publish","format-standard","has-post-thumbnail","hentry","category-busk23_galerie","tag-f19"],"mb":[],"mfb_rest_fields":["title"],"post_mailing_queue_ids":[],"_links":{"self":[{"href":"https:\/\/berlinusk.org\/en\/wp-json\/wp\/v2\/posts\/9331","targetHints":{"allow":["GET"]}}],"collection":[{"href":"https:\/\/berlinusk.org\/en\/wp-json\/wp\/v2\/posts"}],"about":[{"href":"https:\/\/berlinusk.org\/en\/wp-json\/wp\/v2\/types\/post"}],"author":[{"embeddable":true,"href":"https:\/\/berlinusk.org\/en\/wp-json\/wp\/v2\/users\/10"}],"replies":[{"embeddable":true,"href":"https:\/\/berlinusk.org\/en\/wp-json\/wp\/v2\/comments?post=9331"}],"version-history":[{"count":1,"href":"https:\/\/berlinusk.org\/en\/wp-json\/wp\/v2\/posts\/9331\/revisions"}],"predecessor-version":[{"id":9333,"href":"https:\/\/berlinusk.org\/en\/wp-json\/wp\/v2\/posts\/9331\/revisions\/9333"}],"wp:featuredmedia":[{"embeddable":true,"href":"https:\/\/berlinusk.org\/en\/wp-json\/wp\/v2\/media\/9330"}],"wp:attachment":[{"href":"https:\/\/berlinusk.org\/en\/wp-json\/wp\/v2\/media?parent=9331"}],"wp:term":[{"taxonomy":"category","embeddable":true,"href":"https:\/\/berlinusk.org\/en\/wp-json\/wp\/v2\/categories?post=9331"},{"taxonomy":"post_tag","embeddable":true,"href":"https:\/\/berlinusk.org\/en\/wp-json\/wp\/v2\/tags?post=9331"}],"curies":[{"name":"wp","href":"https:\/\/api.w.org\/{rel}","templated":true}]}}