{"id":9008,"date":"2023-10-01T15:15:40","date_gmt":"2023-10-01T13:15:40","guid":{"rendered":"https:\/\/berlinusk.org\/?p=9008"},"modified":"2023-10-01T15:15:40","modified_gmt":"2023-10-01T13:15:40","slug":"brandenburger-tor-3","status":"publish","type":"post","link":"https:\/\/berlinusk.org\/en\/busk23_galerie\/brandenburger-tor-3\/","title":{"rendered":"Brandenburger Tor"},"content":{"rendered":"<p>Nun habe ich auch einmal das Brandenburger Tor gezeichnet. Bei dem Sketchwalk Nr. S65 &#8222;Vom Pariser Platz zum Humboldt Forum&#8220; von Cornelia Klepper war Gelegenheit dazu. Mit einer anderen Sketcherin sa\u00df ich mitten auf dem Platz. Rechts von uns wurden Unterschriften gegen chinesische Politik gesammelt und links auf dem Platz gabs eine andere Demnstration. Da war soviel Gedr\u00e4nge, dass wir kaum beachtet wurden. Die Farbe vom Brandenburger Tor ist sehr blass und kalt. Ich w\u00fcrde es neu streichen, wenn ich d\u00fcrfte. Es gen\u00fcgt auch, wenn man es einmal zeichnet. Ich zeichne es erst wieder, wenn es eine neue Farbe bekommt.<\/p>","protected":false},"excerpt":{"rendered":"<p>Nun habe ich auch einmal das Brandenburger Tor gezeichnet. Bei dem Sketchwalk Nr. S65 &#8222;Vom Pariser Platz zum Humboldt Forum&#8220; von Cornelia Klepper war Gelegenheit dazu. Mit einer anderen Sketcherin sa\u00df ich mitten auf dem Platz. Rechts von uns wurden Unterschriften gegen chinesische Politik gesammelt und links auf dem Platz gabs eine andere Demnstration. Da [&hellip;]<\/p>\n","protected":false},"author":10,"featured_media":9007,"comment_status":"open","ping_status":"open","sticky":false,"template":"wp-custom-template-post-busk-23-galerie","format":"standard","meta":{"footnotes":""},"categories":[138],"tags":[207],"class_list":["post-9008","post","type-post","status-publish","format-standard","has-post-thumbnail","hentry","category-busk23_galerie","tag-s65"],"mb":[],"mfb_rest_fields":["title"],"post_mailing_queue_ids":[],"_links":{"self":[{"href":"https:\/\/berlinusk.org\/en\/wp-json\/wp\/v2\/posts\/9008","targetHints":{"allow":["GET"]}}],"collection":[{"href":"https:\/\/berlinusk.org\/en\/wp-json\/wp\/v2\/posts"}],"about":[{"href":"https:\/\/berlinusk.org\/en\/wp-json\/wp\/v2\/types\/post"}],"author":[{"embeddable":true,"href":"https:\/\/berlinusk.org\/en\/wp-json\/wp\/v2\/users\/10"}],"replies":[{"embeddable":true,"href":"https:\/\/berlinusk.org\/en\/wp-json\/wp\/v2\/comments?post=9008"}],"version-history":[{"count":1,"href":"https:\/\/berlinusk.org\/en\/wp-json\/wp\/v2\/posts\/9008\/revisions"}],"predecessor-version":[{"id":9017,"href":"https:\/\/berlinusk.org\/en\/wp-json\/wp\/v2\/posts\/9008\/revisions\/9017"}],"wp:featuredmedia":[{"embeddable":true,"href":"https:\/\/berlinusk.org\/en\/wp-json\/wp\/v2\/media\/9007"}],"wp:attachment":[{"href":"https:\/\/berlinusk.org\/en\/wp-json\/wp\/v2\/media?parent=9008"}],"wp:term":[{"taxonomy":"category","embeddable":true,"href":"https:\/\/berlinusk.org\/en\/wp-json\/wp\/v2\/categories?post=9008"},{"taxonomy":"post_tag","embeddable":true,"href":"https:\/\/berlinusk.org\/en\/wp-json\/wp\/v2\/tags?post=9008"}],"curies":[{"name":"wp","href":"https:\/\/api.w.org\/{rel}","templated":true}]}}