{"id":8788,"date":"2023-09-27T10:08:39","date_gmt":"2023-09-27T08:08:39","guid":{"rendered":"https:\/\/berlinusk.org\/?p=8788"},"modified":"2023-09-27T10:22:16","modified_gmt":"2023-09-27T08:22:16","slug":"kulturforum","status":"publish","type":"post","link":"https:\/\/berlinusk.org\/en\/busk23_galerie\/kulturforum\/","title":{"rendered":"Kulturforum"},"content":{"rendered":"<p>Am Sonntag fand gleichzeitig mit der Pop-up Ausstellung des USk Deutschlandtreffens auch das Sommerfest auf dem Kulturforum statt. Vor der Philharmonie war ein ganzer Wald von jungen B\u00e4umen in gro\u00dfen K\u00fcbeln aufgebaut. Darunter sorgten Lichterketten und verschiedene Sitzgelegenheiten f\u00fcr sommerlich-festliche Atmosph\u00e4re. Ein schneller Sketch zum Abschied vom Deutschlandtreffen.<\/p>","protected":false},"excerpt":{"rendered":"<p>Am Sonntag fand gleichzeitig mit der Pop-up Ausstellung des USk Deutschlandtreffens auch das Sommerfest auf dem Kulturforum statt. Vor der Philharmonie war ein ganzer Wald von jungen B\u00e4umen in gro\u00dfen K\u00fcbeln aufgebaut. Darunter sorgten Lichterketten und verschiedene Sitzgelegenheiten f\u00fcr sommerlich-festliche Atmosph\u00e4re. Ein schneller Sketch zum Abschied vom Deutschlandtreffen.<\/p>","protected":false},"author":10,"featured_media":8787,"comment_status":"open","ping_status":"open","sticky":false,"template":"wp-custom-template-post-busk-23-galerie","format":"standard","meta":{"footnotes":""},"categories":[138],"tags":[181],"class_list":["post-8788","post","type-post","status-publish","format-standard","has-post-thumbnail","hentry","category-busk23_galerie","tag-kulturforum"],"mb":[],"mfb_rest_fields":["title"],"post_mailing_queue_ids":[],"_links":{"self":[{"href":"https:\/\/berlinusk.org\/en\/wp-json\/wp\/v2\/posts\/8788","targetHints":{"allow":["GET"]}}],"collection":[{"href":"https:\/\/berlinusk.org\/en\/wp-json\/wp\/v2\/posts"}],"about":[{"href":"https:\/\/berlinusk.org\/en\/wp-json\/wp\/v2\/types\/post"}],"author":[{"embeddable":true,"href":"https:\/\/berlinusk.org\/en\/wp-json\/wp\/v2\/users\/10"}],"replies":[{"embeddable":true,"href":"https:\/\/berlinusk.org\/en\/wp-json\/wp\/v2\/comments?post=8788"}],"version-history":[{"count":1,"href":"https:\/\/berlinusk.org\/en\/wp-json\/wp\/v2\/posts\/8788\/revisions"}],"predecessor-version":[{"id":8790,"href":"https:\/\/berlinusk.org\/en\/wp-json\/wp\/v2\/posts\/8788\/revisions\/8790"}],"wp:featuredmedia":[{"embeddable":true,"href":"https:\/\/berlinusk.org\/en\/wp-json\/wp\/v2\/media\/8787"}],"wp:attachment":[{"href":"https:\/\/berlinusk.org\/en\/wp-json\/wp\/v2\/media?parent=8788"}],"wp:term":[{"taxonomy":"category","embeddable":true,"href":"https:\/\/berlinusk.org\/en\/wp-json\/wp\/v2\/categories?post=8788"},{"taxonomy":"post_tag","embeddable":true,"href":"https:\/\/berlinusk.org\/en\/wp-json\/wp\/v2\/tags?post=8788"}],"curies":[{"name":"wp","href":"https:\/\/api.w.org\/{rel}","templated":true}]}}