{"id":8784,"date":"2023-09-27T10:18:25","date_gmt":"2023-09-27T08:18:25","guid":{"rendered":"https:\/\/berlinusk.org\/?p=8784"},"modified":"2023-09-27T10:18:25","modified_gmt":"2023-09-27T08:18:25","slug":"anhalter-bahnhof-3","status":"publish","type":"post","link":"https:\/\/berlinusk.org\/en\/busk23_galerie\/anhalter-bahnhof-3\/","title":{"rendered":"Anhalter Bahnhof"},"content":{"rendered":"<p>Einst als &#8222;Tor zur Welt&#8220; bekannt steht nur noch das Eingangsportal des Anhalter Bahnhofs. Beim Sketchwalk F07 hat uns Simone Wehen viel \u00fcber die Vergangenheit dieses geschichtstr\u00e4chtigen Ortes vermittelt &#8211; und seine Zukunft: Das riesige Areal hinter der Fassade soll vollst\u00e4ndig bebaut werden mit dem Zentrum f\u00fcr Flucht, Vertreibung, Vers\u00f6hnung. Den Blick durch das Eingangstor ins Gr\u00fcne wird es nicht mehr lange geben.<\/p>","protected":false},"excerpt":{"rendered":"<p>Einst als &#8222;Tor zur Welt&#8220; bekannt steht nur noch das Eingangsportal des Anhalter Bahnhofs. Beim Sketchwalk F07 hat uns Simone Wehen viel \u00fcber die Vergangenheit dieses geschichtstr\u00e4chtigen Ortes vermittelt &#8211; und seine Zukunft: Das riesige Areal hinter der Fassade soll vollst\u00e4ndig bebaut werden mit dem Zentrum f\u00fcr Flucht, Vertreibung, Vers\u00f6hnung. Den Blick durch das Eingangstor [&hellip;]<\/p>\n","protected":false},"author":10,"featured_media":8783,"comment_status":"open","ping_status":"open","sticky":false,"template":"wp-custom-template-post-busk-23-galerie","format":"standard","meta":{"footnotes":""},"categories":[138],"tags":[200],"class_list":["post-8784","post","type-post","status-publish","format-standard","has-post-thumbnail","hentry","category-busk23_galerie","tag-f07"],"mb":[],"mfb_rest_fields":["title"],"post_mailing_queue_ids":[],"_links":{"self":[{"href":"https:\/\/berlinusk.org\/en\/wp-json\/wp\/v2\/posts\/8784","targetHints":{"allow":["GET"]}}],"collection":[{"href":"https:\/\/berlinusk.org\/en\/wp-json\/wp\/v2\/posts"}],"about":[{"href":"https:\/\/berlinusk.org\/en\/wp-json\/wp\/v2\/types\/post"}],"author":[{"embeddable":true,"href":"https:\/\/berlinusk.org\/en\/wp-json\/wp\/v2\/users\/10"}],"replies":[{"embeddable":true,"href":"https:\/\/berlinusk.org\/en\/wp-json\/wp\/v2\/comments?post=8784"}],"version-history":[{"count":1,"href":"https:\/\/berlinusk.org\/en\/wp-json\/wp\/v2\/posts\/8784\/revisions"}],"predecessor-version":[{"id":8789,"href":"https:\/\/berlinusk.org\/en\/wp-json\/wp\/v2\/posts\/8784\/revisions\/8789"}],"wp:featuredmedia":[{"embeddable":true,"href":"https:\/\/berlinusk.org\/en\/wp-json\/wp\/v2\/media\/8783"}],"wp:attachment":[{"href":"https:\/\/berlinusk.org\/en\/wp-json\/wp\/v2\/media?parent=8784"}],"wp:term":[{"taxonomy":"category","embeddable":true,"href":"https:\/\/berlinusk.org\/en\/wp-json\/wp\/v2\/categories?post=8784"},{"taxonomy":"post_tag","embeddable":true,"href":"https:\/\/berlinusk.org\/en\/wp-json\/wp\/v2\/tags?post=8784"}],"curies":[{"name":"wp","href":"https:\/\/api.w.org\/{rel}","templated":true}]}}