{"id":8699,"date":"2023-09-27T10:02:23","date_gmt":"2023-09-27T08:02:23","guid":{"rendered":"https:\/\/berlinusk.org\/?p=8699"},"modified":"2023-09-27T11:42:52","modified_gmt":"2023-09-27T09:42:52","slug":"29-sept-2023-sketching-meet-up-im-prenzlauer-berg","status":"publish","type":"post","link":"https:\/\/berlinusk.org\/en\/zeichentreffen\/29-sept-2023-sketching-meet-up-im-prenzlauer-berg\/","title":{"rendered":"29. Sept. 2023 | Sketching Meet-up im Prenzlauer Berg"},"content":{"rendered":"<p>Fr., 29.09.23 von 12:30 &#8211; 15:30<\/p>\n<p>Treffpunkt: <span class=\"x193iq5w xeuugli x13faqbe x1vvkbs xlh3980 xvmahel x1n0sxbx x1lliihq x1s928wv xhkezso x1gmr53x x1cpjm7i x1fgarty x1943h6x xudqn12 x3x7a5m x6prxxf xvq8zen xo1l8bm xzsf02u x1yc453h\" dir=\"auto\">Eberswalder Stra\u00dfe 25<\/span> vor der B\u00e4ckerei &#8222;Zeit f\u00fcr Brot&#8220; (Ecke Sch\u00f6nhauser Allee)<\/p>\n<p><span class=\"x193iq5w xeuugli x13faqbe x1vvkbs xlh3980 xvmahel x1n0sxbx x1lliihq x1s928wv xhkezso x1gmr53x x1cpjm7i x1fgarty x1943h6x xudqn12 x3x7a5m x6prxxf xvq8zen xo1l8bm xzsf02u\" dir=\"auto\">Urbaner Wandel &#8211; festhalten &#8211;<br \/>\nDer U-Bahnhof Eberswalder Stra\u00dfe soll umgebaut werden. Mit Urban Sketchen nehmen wir eine einzigartige Perspektive auf den urbanen Wandel. <\/span><\/p>\n<p>Zeichentreffen von Ica SFrey<\/p>","protected":false},"excerpt":{"rendered":"<p>Fr., 29.09.23 von 12:30 &#8211; 15:30 Treffpunkt: Eberswalder Stra\u00dfe 25 vor der B\u00e4ckerei &#8222;Zeit f\u00fcr Brot&#8220; (Ecke Sch\u00f6nhauser Allee) Urbaner Wandel &#8211; festhalten &#8211; Der U-Bahnhof Eberswalder Stra\u00dfe soll umgebaut werden. Mit Urban Sketchen nehmen wir eine einzigartige Perspektive auf den urbanen Wandel. Zeichentreffen von Ica SFrey<\/p>","protected":false},"author":13,"featured_media":8700,"comment_status":"open","ping_status":"open","sticky":false,"template":"wp-custom-template-zeichentreffen","format":"standard","meta":{"footnotes":""},"categories":[145],"tags":[],"class_list":["post-8699","post","type-post","status-publish","format-standard","has-post-thumbnail","hentry","category-zeichentreffen"],"mb":[],"mfb_rest_fields":["title"],"post_mailing_queue_ids":[],"_links":{"self":[{"href":"https:\/\/berlinusk.org\/en\/wp-json\/wp\/v2\/posts\/8699","targetHints":{"allow":["GET"]}}],"collection":[{"href":"https:\/\/berlinusk.org\/en\/wp-json\/wp\/v2\/posts"}],"about":[{"href":"https:\/\/berlinusk.org\/en\/wp-json\/wp\/v2\/types\/post"}],"author":[{"embeddable":true,"href":"https:\/\/berlinusk.org\/en\/wp-json\/wp\/v2\/users\/13"}],"replies":[{"embeddable":true,"href":"https:\/\/berlinusk.org\/en\/wp-json\/wp\/v2\/comments?post=8699"}],"version-history":[{"count":4,"href":"https:\/\/berlinusk.org\/en\/wp-json\/wp\/v2\/posts\/8699\/revisions"}],"predecessor-version":[{"id":8705,"href":"https:\/\/berlinusk.org\/en\/wp-json\/wp\/v2\/posts\/8699\/revisions\/8705"}],"wp:featuredmedia":[{"embeddable":true,"href":"https:\/\/berlinusk.org\/en\/wp-json\/wp\/v2\/media\/8700"}],"wp:attachment":[{"href":"https:\/\/berlinusk.org\/en\/wp-json\/wp\/v2\/media?parent=8699"}],"wp:term":[{"taxonomy":"category","embeddable":true,"href":"https:\/\/berlinusk.org\/en\/wp-json\/wp\/v2\/categories?post=8699"},{"taxonomy":"post_tag","embeddable":true,"href":"https:\/\/berlinusk.org\/en\/wp-json\/wp\/v2\/tags?post=8699"}],"curies":[{"name":"wp","href":"https:\/\/api.w.org\/{rel}","templated":true}]}}