{"id":8457,"date":"2023-09-18T19:35:42","date_gmt":"2023-09-18T17:35:42","guid":{"rendered":"https:\/\/berlinusk.org\/?p=8457"},"modified":"2023-09-18T19:35:42","modified_gmt":"2023-09-18T17:35:42","slug":"tempelhofer-feld","status":"publish","type":"post","link":"https:\/\/berlinusk.org\/en\/busk23_galerie\/tempelhofer-feld\/","title":{"rendered":"Tempelhofer Feld"},"content":{"rendered":"<p>An einem Punkt an der Kienitzer Str. , welche geradewegs auf das Tempelhofer Feld zul\u00e4uft, sieht man \u00fcber die Alleeb\u00e4ume der Oderstra\u00dfe hinweg den hinteren Teil des Feldes. Wie ein schmales, gebogenes Band zieht sich jenseits des Feldes die Skyline der Stadt entlang. Beim N\u00e4herkommen erschlie\u00dft sich das Feld so, wie es die Berlinerinnen und Berliner per Volksentscheid gew\u00fcnscht haben.<\/p>","protected":false},"excerpt":{"rendered":"<p>An einem Punkt an der Kienitzer Str. , welche geradewegs auf das Tempelhofer Feld zul\u00e4uft, sieht man \u00fcber die Alleeb\u00e4ume der Oderstra\u00dfe hinweg den hinteren Teil des Feldes. Wie ein schmales, gebogenes Band zieht sich jenseits des Feldes die Skyline der Stadt entlang. Beim N\u00e4herkommen erschlie\u00dft sich das Feld so, wie es die Berlinerinnen und [&hellip;]<\/p>\n","protected":false},"author":10,"featured_media":8456,"comment_status":"open","ping_status":"open","sticky":false,"template":"wp-custom-template-post-busk-23-galerie","format":"standard","meta":{"footnotes":""},"categories":[138],"tags":[83],"class_list":["post-8457","post","type-post","status-publish","format-standard","has-post-thumbnail","hentry","category-busk23_galerie","tag-tempelhofer-feld"],"mb":[],"mfb_rest_fields":["title"],"post_mailing_queue_ids":[],"_links":{"self":[{"href":"https:\/\/berlinusk.org\/en\/wp-json\/wp\/v2\/posts\/8457","targetHints":{"allow":["GET"]}}],"collection":[{"href":"https:\/\/berlinusk.org\/en\/wp-json\/wp\/v2\/posts"}],"about":[{"href":"https:\/\/berlinusk.org\/en\/wp-json\/wp\/v2\/types\/post"}],"author":[{"embeddable":true,"href":"https:\/\/berlinusk.org\/en\/wp-json\/wp\/v2\/users\/10"}],"replies":[{"embeddable":true,"href":"https:\/\/berlinusk.org\/en\/wp-json\/wp\/v2\/comments?post=8457"}],"version-history":[{"count":2,"href":"https:\/\/berlinusk.org\/en\/wp-json\/wp\/v2\/posts\/8457\/revisions"}],"predecessor-version":[{"id":8461,"href":"https:\/\/berlinusk.org\/en\/wp-json\/wp\/v2\/posts\/8457\/revisions\/8461"}],"wp:featuredmedia":[{"embeddable":true,"href":"https:\/\/berlinusk.org\/en\/wp-json\/wp\/v2\/media\/8456"}],"wp:attachment":[{"href":"https:\/\/berlinusk.org\/en\/wp-json\/wp\/v2\/media?parent=8457"}],"wp:term":[{"taxonomy":"category","embeddable":true,"href":"https:\/\/berlinusk.org\/en\/wp-json\/wp\/v2\/categories?post=8457"},{"taxonomy":"post_tag","embeddable":true,"href":"https:\/\/berlinusk.org\/en\/wp-json\/wp\/v2\/tags?post=8457"}],"curies":[{"name":"wp","href":"https:\/\/api.w.org\/{rel}","templated":true}]}}