{"id":8405,"date":"2023-09-18T11:20:29","date_gmt":"2023-09-18T09:20:29","guid":{"rendered":"https:\/\/berlinusk.org\/?p=8405"},"modified":"2023-09-18T17:11:35","modified_gmt":"2023-09-18T15:11:35","slug":"paul-loebe-haus","status":"publish","type":"post","link":"https:\/\/berlinusk.org\/en\/busk23_galerie\/paul-loebe-haus\/","title":{"rendered":"Paul- L\u00f6be- Haus"},"content":{"rendered":"<p>Am Sonntag vormittag auf dem Weg zum Kulturforum erreichten uns musikalische Kl\u00e4nge im Bereich des Regierungsviertels. Ein gro\u00dfer Laster und eine 4-K\u00f6pfige, s\u00fcdamerikanisch aussehende Kapelle, die &#8222;das ist die Berliner Luft Luft Luft&#8220; spielte, deuteten auf ein Ereignis vor dem Paul- L\u00f6be- Haus hin. Hier fand der Tag der offenen T\u00fcr statt. Menschen standen in Schlangen vor dem Eingang, um sich einen Eindruck zu verschaffen<\/p>","protected":false},"excerpt":{"rendered":"<p>Am Sonntag vormittag auf dem Weg zum Kulturforum erreichten uns musikalische Kl\u00e4nge im Bereich des Regierungsviertels. Ein gro\u00dfer Laster und eine 4-K\u00f6pfige, s\u00fcdamerikanisch aussehende Kapelle, die &#8222;das ist die Berliner Luft Luft Luft&#8220; spielte, deuteten auf ein Ereignis vor dem Paul- L\u00f6be- Haus hin. Hier fand der Tag der offenen T\u00fcr statt. Menschen standen in [&hellip;]<\/p>\n","protected":false},"author":10,"featured_media":8404,"comment_status":"open","ping_status":"open","sticky":false,"template":"wp-custom-template-post-busk-23-galerie","format":"standard","meta":{"footnotes":""},"categories":[138],"tags":[],"class_list":["post-8405","post","type-post","status-publish","format-standard","has-post-thumbnail","hentry","category-busk23_galerie"],"mb":[],"mfb_rest_fields":["title"],"post_mailing_queue_ids":[],"_links":{"self":[{"href":"https:\/\/berlinusk.org\/en\/wp-json\/wp\/v2\/posts\/8405","targetHints":{"allow":["GET"]}}],"collection":[{"href":"https:\/\/berlinusk.org\/en\/wp-json\/wp\/v2\/posts"}],"about":[{"href":"https:\/\/berlinusk.org\/en\/wp-json\/wp\/v2\/types\/post"}],"author":[{"embeddable":true,"href":"https:\/\/berlinusk.org\/en\/wp-json\/wp\/v2\/users\/10"}],"replies":[{"embeddable":true,"href":"https:\/\/berlinusk.org\/en\/wp-json\/wp\/v2\/comments?post=8405"}],"version-history":[{"count":1,"href":"https:\/\/berlinusk.org\/en\/wp-json\/wp\/v2\/posts\/8405\/revisions"}],"predecessor-version":[{"id":8407,"href":"https:\/\/berlinusk.org\/en\/wp-json\/wp\/v2\/posts\/8405\/revisions\/8407"}],"wp:featuredmedia":[{"embeddable":true,"href":"https:\/\/berlinusk.org\/en\/wp-json\/wp\/v2\/media\/8404"}],"wp:attachment":[{"href":"https:\/\/berlinusk.org\/en\/wp-json\/wp\/v2\/media?parent=8405"}],"wp:term":[{"taxonomy":"category","embeddable":true,"href":"https:\/\/berlinusk.org\/en\/wp-json\/wp\/v2\/categories?post=8405"},{"taxonomy":"post_tag","embeddable":true,"href":"https:\/\/berlinusk.org\/en\/wp-json\/wp\/v2\/tags?post=8405"}],"curies":[{"name":"wp","href":"https:\/\/api.w.org\/{rel}","templated":true}]}}