{"id":8380,"date":"2023-09-18T06:51:08","date_gmt":"2023-09-18T04:51:08","guid":{"rendered":"https:\/\/berlinusk.org\/?p=8380"},"modified":"2023-09-18T18:05:49","modified_gmt":"2023-09-18T16:05:49","slug":"eroeffnungsrede-im-kulturforum","status":"publish","type":"post","link":"https:\/\/berlinusk.org\/en\/busk23_galerie\/eroeffnungsrede-im-kulturforum\/","title":{"rendered":"Er\u00f6ffnungsrede im Kulturforum"},"content":{"rendered":"<p>Mein Zug hatte Versp\u00e4tung, sodass ich es zusammen mit einer Freundin haarscharf zur Er\u00f6ffnung im Kulturforum schaffte. Wir hatten uns gerade noch angemeldet und sa\u00dfen hinten an einem der Tische, als vorne die Er\u00f6ffnungsrede begann und sich damit direkt die Gelegenheit f\u00fcr eine erste Skizze bot &#8211; alle standen still und schauten gespannt nach vorne.<\/p>","protected":false},"excerpt":{"rendered":"<p>Mein Zug hatte Versp\u00e4tung, sodass ich es zusammen mit einer Freundin haarscharf zur Er\u00f6ffnung im Kulturforum schaffte. Wir hatten uns gerade noch angemeldet und sa\u00dfen hinten an einem der Tische, als vorne die Er\u00f6ffnungsrede begann und sich damit direkt die Gelegenheit f\u00fcr eine erste Skizze bot &#8211; alle standen still und schauten gespannt nach vorne.<\/p>","protected":false},"author":10,"featured_media":8379,"comment_status":"open","ping_status":"open","sticky":false,"template":"wp-custom-template-post-busk-23-galerie","format":"standard","meta":{"footnotes":""},"categories":[138],"tags":[181],"class_list":["post-8380","post","type-post","status-publish","format-standard","has-post-thumbnail","hentry","category-busk23_galerie","tag-kulturforum"],"mb":[],"mfb_rest_fields":["title"],"post_mailing_queue_ids":[],"_links":{"self":[{"href":"https:\/\/berlinusk.org\/en\/wp-json\/wp\/v2\/posts\/8380","targetHints":{"allow":["GET"]}}],"collection":[{"href":"https:\/\/berlinusk.org\/en\/wp-json\/wp\/v2\/posts"}],"about":[{"href":"https:\/\/berlinusk.org\/en\/wp-json\/wp\/v2\/types\/post"}],"author":[{"embeddable":true,"href":"https:\/\/berlinusk.org\/en\/wp-json\/wp\/v2\/users\/10"}],"replies":[{"embeddable":true,"href":"https:\/\/berlinusk.org\/en\/wp-json\/wp\/v2\/comments?post=8380"}],"version-history":[{"count":1,"href":"https:\/\/berlinusk.org\/en\/wp-json\/wp\/v2\/posts\/8380\/revisions"}],"predecessor-version":[{"id":8385,"href":"https:\/\/berlinusk.org\/en\/wp-json\/wp\/v2\/posts\/8380\/revisions\/8385"}],"wp:featuredmedia":[{"embeddable":true,"href":"https:\/\/berlinusk.org\/en\/wp-json\/wp\/v2\/media\/8379"}],"wp:attachment":[{"href":"https:\/\/berlinusk.org\/en\/wp-json\/wp\/v2\/media?parent=8380"}],"wp:term":[{"taxonomy":"category","embeddable":true,"href":"https:\/\/berlinusk.org\/en\/wp-json\/wp\/v2\/categories?post=8380"},{"taxonomy":"post_tag","embeddable":true,"href":"https:\/\/berlinusk.org\/en\/wp-json\/wp\/v2\/tags?post=8380"}],"curies":[{"name":"wp","href":"https:\/\/api.w.org\/{rel}","templated":true}]}}