{"id":8259,"date":"2023-09-17T12:58:27","date_gmt":"2023-09-17T10:58:27","guid":{"rendered":"https:\/\/berlinusk.org\/?p=8259"},"modified":"2023-09-18T17:11:37","modified_gmt":"2023-09-18T15:11:37","slug":"sketchwalk-sketch","status":"publish","type":"post","link":"https:\/\/berlinusk.org\/en\/busk23_galerie\/sketchwalk-sketch\/","title":{"rendered":"Sketchwalk Sketch"},"content":{"rendered":"<p>Mein erster Sketch am Samstags-Sketchwalk auf der Museumsinsel. Da ich erst letztes Jahr mit dem Zeichnen angefangen habe (das letzte mal hab ich vor \u00fcber 35 Jahren in der Schule gezeichnet :-)), war\u2019s f\u00fcr mich ne echt aufregende, inspirierenden &amp; motivierende Zeit beim Treffen. Dazu viele klasse Gespr\u00e4che gef\u00fchrt und tolle Leute kennengelernt. War einfach ein mega Wochenende bei bestem Wetter in Berlin. Gerne n\u00e4chstes Jahr wieder :-))<\/p>","protected":false},"excerpt":{"rendered":"<p>Mein erster Sketch am Samstags-Sketchwalk auf der Museumsinsel. Da ich erst letztes Jahr mit dem Zeichnen angefangen habe (das letzte mal hab ich vor \u00fcber 35 Jahren in der Schule gezeichnet :-)), war\u2019s f\u00fcr mich ne echt aufregende, inspirierenden &amp; motivierende Zeit beim Treffen. Dazu viele klasse Gespr\u00e4che gef\u00fchrt und tolle Leute kennengelernt. War einfach [&hellip;]<\/p>\n","protected":false},"author":10,"featured_media":8301,"comment_status":"open","ping_status":"open","sticky":false,"template":"wp-custom-template-post-busk-23-galerie","format":"standard","meta":{"footnotes":""},"categories":[138],"tags":[],"class_list":["post-8259","post","type-post","status-publish","format-standard","has-post-thumbnail","hentry","category-busk23_galerie"],"mb":[],"mfb_rest_fields":["title"],"post_mailing_queue_ids":[],"_links":{"self":[{"href":"https:\/\/berlinusk.org\/en\/wp-json\/wp\/v2\/posts\/8259","targetHints":{"allow":["GET"]}}],"collection":[{"href":"https:\/\/berlinusk.org\/en\/wp-json\/wp\/v2\/posts"}],"about":[{"href":"https:\/\/berlinusk.org\/en\/wp-json\/wp\/v2\/types\/post"}],"author":[{"embeddable":true,"href":"https:\/\/berlinusk.org\/en\/wp-json\/wp\/v2\/users\/10"}],"replies":[{"embeddable":true,"href":"https:\/\/berlinusk.org\/en\/wp-json\/wp\/v2\/comments?post=8259"}],"version-history":[{"count":4,"href":"https:\/\/berlinusk.org\/en\/wp-json\/wp\/v2\/posts\/8259\/revisions"}],"predecessor-version":[{"id":8429,"href":"https:\/\/berlinusk.org\/en\/wp-json\/wp\/v2\/posts\/8259\/revisions\/8429"}],"wp:featuredmedia":[{"embeddable":true,"href":"https:\/\/berlinusk.org\/en\/wp-json\/wp\/v2\/media\/8301"}],"wp:attachment":[{"href":"https:\/\/berlinusk.org\/en\/wp-json\/wp\/v2\/media?parent=8259"}],"wp:term":[{"taxonomy":"category","embeddable":true,"href":"https:\/\/berlinusk.org\/en\/wp-json\/wp\/v2\/categories?post=8259"},{"taxonomy":"post_tag","embeddable":true,"href":"https:\/\/berlinusk.org\/en\/wp-json\/wp\/v2\/tags?post=8259"}],"curies":[{"name":"wp","href":"https:\/\/api.w.org\/{rel}","templated":true}]}}