{"id":7589,"date":"2023-08-13T11:56:20","date_gmt":"2023-08-13T09:56:20","guid":{"rendered":"https:\/\/berlinusk.org\/?p=7589"},"modified":"2023-09-13T12:36:25","modified_gmt":"2023-09-13T10:36:25","slug":"16-august-2023-chamissoplatz","status":"publish","type":"post","link":"https:\/\/berlinusk.org\/en\/zeichentreffen\/16-august-2023-chamissoplatz\/","title":{"rendered":"16. August 2023 | Chamissoplatz"},"content":{"rendered":"<p>15 &#8211; 18 Uhr<\/p>\n<p>Am Mittwoch, den 16. August lade ich zum Probesketchwalk am und rund um den Chamissopatz ein. Der Chamisso-Kiez z\u00e4hlt heute zum gr\u00f6\u00dften zusammenh\u00e4ngenden, am besten erhaltenen Gr\u00fcnderzeit-Geb\u00e4ude-Ensemble Berlins. Sch\u00f6ne historische Details wie Kopfsteinpflaster, Stra\u00dfenlaternen, Stra\u00dfenbrunnen und ein &#8222;Caf\u00e9 Achteck&#8220; k\u00f6nnen genauso Sketchmotiv sein wie die spannenden Perspektiven, die durch die nat\u00fcrliche Hanglage des Viertels entstehen. Ich werde ein wenig \u00fcber die Geschichte der dichten Bebauung mit Mietskasernen bis zu Hausbesetzung und Luxus-Sanierung und die Regulierungsversuche des Berliner Senats erz\u00e4hlen. Vielleicht ist ja auch ein Einblick in den einen oder anderen Hinterhof m\u00f6glich? Wir treffen uns um 15:00 direkt in der Mitte des Platzes. Rundum gibt es viele Restaurents und Caf\u00e9s zur anschlie\u00dfenden St\u00e4rkung.<br \/>\nBEI REGEN: Vom Marheinekeplatz f\u00e4hrt der Bus 248 direkt zum J\u00fcdischen Museum. Die st\u00e4ndige Ausstellung ist eintrittsfrei, die Cafeteria Caf\u00e9 Lina ist ein toller Raum zum Zeichnen.<\/p>\n<p>&nbsp;<\/p>\n<p>Sketchwalk von Anette Schulz<\/p>","protected":false},"excerpt":{"rendered":"<p>15 &#8211; 18 Uhr Am Mittwoch, den 16. August lade ich zum Probesketchwalk am und rund um den Chamissopatz ein. Der Chamisso-Kiez z\u00e4hlt heute zum gr\u00f6\u00dften zusammenh\u00e4ngenden, am besten erhaltenen Gr\u00fcnderzeit-Geb\u00e4ude-Ensemble Berlins. Sch\u00f6ne historische Details wie Kopfsteinpflaster, Stra\u00dfenlaternen, Stra\u00dfenbrunnen und ein &#8222;Caf\u00e9 Achteck&#8220; k\u00f6nnen genauso Sketchmotiv sein wie die spannenden Perspektiven, die durch die nat\u00fcrliche [&hellip;]<\/p>\n","protected":false},"author":13,"featured_media":7590,"comment_status":"open","ping_status":"closed","sticky":false,"template":"wp-custom-template-zeichentreffen","format":"standard","meta":{"footnotes":""},"categories":[145],"tags":[],"class_list":["post-7589","post","type-post","status-publish","format-standard","has-post-thumbnail","hentry","category-zeichentreffen"],"mb":[],"mfb_rest_fields":["title"],"post_mailing_queue_ids":[],"_links":{"self":[{"href":"https:\/\/berlinusk.org\/en\/wp-json\/wp\/v2\/posts\/7589","targetHints":{"allow":["GET"]}}],"collection":[{"href":"https:\/\/berlinusk.org\/en\/wp-json\/wp\/v2\/posts"}],"about":[{"href":"https:\/\/berlinusk.org\/en\/wp-json\/wp\/v2\/types\/post"}],"author":[{"embeddable":true,"href":"https:\/\/berlinusk.org\/en\/wp-json\/wp\/v2\/users\/13"}],"replies":[{"embeddable":true,"href":"https:\/\/berlinusk.org\/en\/wp-json\/wp\/v2\/comments?post=7589"}],"version-history":[{"count":1,"href":"https:\/\/berlinusk.org\/en\/wp-json\/wp\/v2\/posts\/7589\/revisions"}],"predecessor-version":[{"id":8069,"href":"https:\/\/berlinusk.org\/en\/wp-json\/wp\/v2\/posts\/7589\/revisions\/8069"}],"wp:featuredmedia":[{"embeddable":true,"href":"https:\/\/berlinusk.org\/en\/wp-json\/wp\/v2\/media\/7590"}],"wp:attachment":[{"href":"https:\/\/berlinusk.org\/en\/wp-json\/wp\/v2\/media?parent=7589"}],"wp:term":[{"taxonomy":"category","embeddable":true,"href":"https:\/\/berlinusk.org\/en\/wp-json\/wp\/v2\/categories?post=7589"},{"taxonomy":"post_tag","embeddable":true,"href":"https:\/\/berlinusk.org\/en\/wp-json\/wp\/v2\/tags?post=7589"}],"curies":[{"name":"wp","href":"https:\/\/api.w.org\/{rel}","templated":true}]}}