{"id":7567,"date":"2023-08-05T12:19:37","date_gmt":"2023-08-05T10:19:37","guid":{"rendered":"https:\/\/berlinusk.org\/?p=7567"},"modified":"2023-09-13T12:36:25","modified_gmt":"2023-09-13T10:36:25","slug":"neues-datum-12-august-2023-platz-der-luftbruecke-kreuzbergpark","status":"publish","type":"post","link":"https:\/\/berlinusk.org\/en\/zeichentreffen\/neues-datum-12-august-2023-platz-der-luftbruecke-kreuzbergpark\/","title":{"rendered":"Neues Datum! &#8211; 12. August 2023 | Platz der Luftbr\u00fccke \/ Kreuzbergpark"},"content":{"rendered":"<p>ACHTUNG, DER SKETCHWALK VOM 6. AUGUST WURDE AUF DEN 12. AUGUST VERSCHOBEN!<\/p>\n<p>12 &#8211; 16 Uhr<\/p>\n<p><span class=\"x193iq5w xeuugli x13faqbe x1vvkbs xlh3980 xvmahel x1n0sxbx x1lliihq x1s928wv xhkezso x1gmr53x x1cpjm7i x1fgarty x1943h6x x4zkp8e x3x7a5m x1lkfr7t x1lbecb7 xo1l8bm xi81zsa x1yc453h\" dir=\"auto\"><span class=\"x1lliihq x6ikm8r x10wlt62 x1n2onr6 xlyipyv xuxw1ft\">Platz der Luftbr\u00fccke am Denkmal &#8222;Hungerkralle&#8220;<\/span><\/span><\/p>\n<p>Am Samstag biete ich meinen Probesketchwalk in Tempelhof\/Kreuzberg an. Die Luftbr\u00fccke hat gerade 75. Jubil\u00e4um, daher treffen wir uns an der Hungerharke vor dem Flughafengeb\u00e4ude. Der U6-Ausgang ist auch dort. Der gesamte Platz hat viele Blickrichtungen. Danach gehen wir zum Wasserturm in die sch\u00f6ne Fidicinstra\u00dfe und wechseln dann \u00fcber den Mehringdamm zum Viktoriapark mit Kreuzberg und Wasserfall. Mal schauen, ob es oben auf der Spitze samstags noch Platz f\u00fcr uns Sketcher gibt. Zum Schlu\u00df k\u00f6nnen wir zusammen im Biergarten Golgatha (ja, das Ding gibt\u00b4s noch) abh\u00e4ngen oder das verschobene Mittagessen im Tomasa oder Tirelli\u00b4s an der Kreuzbergstra\u00dfe nachholen. (Die Tour wird beim Deutschlandtreffen dann 4 Stunden dauern. Bei dem Probesketchwalk k\u00f6nnen wir aber etwas fr\u00fcher einkehren, falls gew\u00fcnscht.)<\/p>\n<div><\/div>\n<div>Sketchwalk von Marion Brandes<\/div>","protected":false},"excerpt":{"rendered":"<p>ACHTUNG, DER SKETCHWALK VOM 6. AUGUST WURDE AUF DEN 12. AUGUST VERSCHOBEN! 12 &#8211; 16 Uhr Platz der Luftbr\u00fccke am Denkmal &#8222;Hungerkralle&#8220; Am Samstag biete ich meinen Probesketchwalk in Tempelhof\/Kreuzberg an. Die Luftbr\u00fccke hat gerade 75. Jubil\u00e4um, daher treffen wir uns an der Hungerharke vor dem Flughafengeb\u00e4ude. Der U6-Ausgang ist auch dort. Der gesamte Platz [&hellip;]<\/p>\n","protected":false},"author":13,"featured_media":7523,"comment_status":"open","ping_status":"closed","sticky":false,"template":"wp-custom-template-zeichentreffen","format":"standard","meta":{"footnotes":""},"categories":[145],"tags":[],"class_list":["post-7567","post","type-post","status-publish","format-standard","has-post-thumbnail","hentry","category-zeichentreffen"],"mb":[],"mfb_rest_fields":["title"],"post_mailing_queue_ids":[],"_links":{"self":[{"href":"https:\/\/berlinusk.org\/en\/wp-json\/wp\/v2\/posts\/7567","targetHints":{"allow":["GET"]}}],"collection":[{"href":"https:\/\/berlinusk.org\/en\/wp-json\/wp\/v2\/posts"}],"about":[{"href":"https:\/\/berlinusk.org\/en\/wp-json\/wp\/v2\/types\/post"}],"author":[{"embeddable":true,"href":"https:\/\/berlinusk.org\/en\/wp-json\/wp\/v2\/users\/13"}],"replies":[{"embeddable":true,"href":"https:\/\/berlinusk.org\/en\/wp-json\/wp\/v2\/comments?post=7567"}],"version-history":[{"count":1,"href":"https:\/\/berlinusk.org\/en\/wp-json\/wp\/v2\/posts\/7567\/revisions"}],"predecessor-version":[{"id":8071,"href":"https:\/\/berlinusk.org\/en\/wp-json\/wp\/v2\/posts\/7567\/revisions\/8071"}],"wp:featuredmedia":[{"embeddable":true,"href":"https:\/\/berlinusk.org\/en\/wp-json\/wp\/v2\/media\/7523"}],"wp:attachment":[{"href":"https:\/\/berlinusk.org\/en\/wp-json\/wp\/v2\/media?parent=7567"}],"wp:term":[{"taxonomy":"category","embeddable":true,"href":"https:\/\/berlinusk.org\/en\/wp-json\/wp\/v2\/categories?post=7567"},{"taxonomy":"post_tag","embeddable":true,"href":"https:\/\/berlinusk.org\/en\/wp-json\/wp\/v2\/tags?post=7567"}],"curies":[{"name":"wp","href":"https:\/\/api.w.org\/{rel}","templated":true}]}}