{"id":17815,"date":"2026-04-26T21:46:44","date_gmt":"2026-04-26T19:46:44","guid":{"rendered":"https:\/\/berlinusk.org\/?p=17815"},"modified":"2026-04-26T21:46:44","modified_gmt":"2026-04-26T19:46:44","slug":"28-april-2026-zeichnen-am-pariser-platz","status":"publish","type":"post","link":"https:\/\/berlinusk.org\/en\/zeichentreffen\/28-april-2026-zeichnen-am-pariser-platz\/","title":{"rendered":"28. April 2026 | Zeichnen am Pariser Platz"},"content":{"rendered":"<p>12\u201315 Uhr<\/p>\n<p>Da das Wetter f\u00fcr Dienstag unsicher ist, habe ich auf Vorschlag von Silvia St\u00fcber den Pariser Platz als n\u00e4chsten Zeichentreff ausgesucht.<br \/>\nWir treffen uns um 12 Uhr am Pariser Platz 1, an oder in der Akademie der K\u00fcnste. Hier k\u00f6nnen wir innen oder au\u00dferhalb zeichnen. Der Platz bietet viele M\u00f6glichkeiten wie das Brandenburger Tor, Touristen, das Liebermann Haus und das Holocaust Mahnmal.<br \/>\nIn der Akademie der K\u00fcnste ist ein Caf\u00e9 und interessante Innenarchitektur. Wobei z. Z. wohl die Bibliothek wegen Bauarbeiten geschlossen ist.<\/p>\n<p>Zeichentreffen von Bettina Czerlitzki<\/p>\n<p>&nbsp;<\/p>","protected":false},"excerpt":{"rendered":"<p>12\u201315 Uhr Da das Wetter f\u00fcr Dienstag unsicher ist, habe ich auf Vorschlag von Silvia St\u00fcber den Pariser Platz als n\u00e4chsten Zeichentreff ausgesucht. Wir treffen uns um 12 Uhr am Pariser Platz 1, an oder in der Akademie der K\u00fcnste. Hier k\u00f6nnen wir innen oder au\u00dferhalb zeichnen. Der Platz bietet viele M\u00f6glichkeiten wie das Brandenburger [&hellip;]<\/p>\n","protected":false},"author":7,"featured_media":17816,"comment_status":"closed","ping_status":"closed","sticky":false,"template":"wp-custom-template-zeichentreffen","format":"standard","meta":{"footnotes":""},"categories":[145],"tags":[],"class_list":["post-17815","post","type-post","status-publish","format-standard","has-post-thumbnail","hentry","category-zeichentreffen"],"mb":[],"mfb_rest_fields":["title"],"post_mailing_queue_ids":[],"_links":{"self":[{"href":"https:\/\/berlinusk.org\/en\/wp-json\/wp\/v2\/posts\/17815","targetHints":{"allow":["GET"]}}],"collection":[{"href":"https:\/\/berlinusk.org\/en\/wp-json\/wp\/v2\/posts"}],"about":[{"href":"https:\/\/berlinusk.org\/en\/wp-json\/wp\/v2\/types\/post"}],"author":[{"embeddable":true,"href":"https:\/\/berlinusk.org\/en\/wp-json\/wp\/v2\/users\/7"}],"replies":[{"embeddable":true,"href":"https:\/\/berlinusk.org\/en\/wp-json\/wp\/v2\/comments?post=17815"}],"version-history":[{"count":1,"href":"https:\/\/berlinusk.org\/en\/wp-json\/wp\/v2\/posts\/17815\/revisions"}],"predecessor-version":[{"id":17817,"href":"https:\/\/berlinusk.org\/en\/wp-json\/wp\/v2\/posts\/17815\/revisions\/17817"}],"wp:featuredmedia":[{"embeddable":true,"href":"https:\/\/berlinusk.org\/en\/wp-json\/wp\/v2\/media\/17816"}],"wp:attachment":[{"href":"https:\/\/berlinusk.org\/en\/wp-json\/wp\/v2\/media?parent=17815"}],"wp:term":[{"taxonomy":"category","embeddable":true,"href":"https:\/\/berlinusk.org\/en\/wp-json\/wp\/v2\/categories?post=17815"},{"taxonomy":"post_tag","embeddable":true,"href":"https:\/\/berlinusk.org\/en\/wp-json\/wp\/v2\/tags?post=17815"}],"curies":[{"name":"wp","href":"https:\/\/api.w.org\/{rel}","templated":true}]}}