{"id":17728,"date":"2026-01-24T20:43:54","date_gmt":"2026-01-24T18:43:54","guid":{"rendered":"https:\/\/berlinusk.org\/?p=17728"},"modified":"2026-01-24T20:43:54","modified_gmt":"2026-01-24T18:43:54","slug":"30-jan-2026-zeichnen-im-berliner-dom","status":"publish","type":"post","link":"https:\/\/berlinusk.org\/en\/zeichentreffen\/30-jan-2026-zeichnen-im-berliner-dom\/","title":{"rendered":"30. Jan. 2026 | Zeichnen im Berliner Dom"},"content":{"rendered":"<div class=\"x14z9mp xat24cr x1lziwak x1vvkbs xtlvy1s\">Nachdem uns der Berliner Dom zuletzt zum Deutschlandtreffen als Gruppe zu Gast hatte, nehmen wir den Stadtteil-Mitte-Monat Januar zum Anlass, mal wieder zeichnend vorbeizuschauen, diesmal komplett im Innenraum. Wenn die Bauarbeiten es zulassen, d\u00fcrfen wir in einer Empore zeichnen, ansonsten warten im Kuppelsaal so tolle Motive wie die gro\u00dfe Sauer-Orgel, die Kanzel und die riesigen Statuen u.a. von Martin Luther auf uns.<\/div>\n<div class=\"x14z9mp xat24cr x1lziwak x1vvkbs xtlvy1s\">Wir treffen uns um 13:55 Uhr vor dem Portal 2 (Au\u00dfentreppe zum Haupteingang hoch, dann ganz links) und gehen p\u00fcnktlich um 14:00 Uhr gemeinsam in den Berliner Dom, speziell f\u00fcr uns: Eintritt frei. Wer sp\u00e4ter kommt, geht zuerst zu den Kassen und zahlt Eintritt.<\/div>\n<div class=\"x14z9mp xat24cr x1lziwak x1vvkbs xtlvy1s\">Bitte beachten: Gro\u00dfe Taschen, Rucks\u00e4cke usw. vorher einschlie\u00dfen. Die Schlie\u00dff\u00e4cher befinden sich oben gegen\u00fcber vom Haupteingang. Um 15:45 Uhr treffen wir uns zum Throwdown, den Treffpunkt daf\u00fcr vereinbaren wir vor Ort.<\/div>\n<div class=\"x14z9mp xat24cr x1lziwak x1vvkbs xtlvy1s\">Trockene Zeichenmaterialien sind erlaubt: Stifte und Buntstifte<\/div>\n<div><\/div>\n<div class=\"x14z9mp xat24cr x1lziwak x1vvkbs xtlvy1s\">\n<p>Zeichentreffen von Alrun @mitgemalt<\/p>\n<div class=\"x1i10hfl xjbqb8w x1ejq31n x18oe1m7 x1sy0etr xstzfhl x972fbf x10w94by x1qhh985 x14e42zd x9f619 x1ypdohk xt0psk2 x3ct3a4 xdj266r x14z9mp xat24cr x1lziwak xexx8yu xyri2b x18d9i69 x1c1uobl x16tdsg8 x1hl2dhg xggy1nq x1a2a7pz xkrqix3 x1sur9pj xzsf02u x1s688f\" tabindex=\"0\" role=\"button\"><\/div>\n<\/div>","protected":false},"excerpt":{"rendered":"<p>Nachdem uns der Berliner Dom zuletzt zum Deutschlandtreffen als Gruppe zu Gast hatte, nehmen wir den Stadtteil-Mitte-Monat Januar zum Anlass, mal wieder zeichnend vorbeizuschauen, diesmal komplett im Innenraum. Wenn die Bauarbeiten es zulassen, d\u00fcrfen wir in einer Empore zeichnen, ansonsten warten im Kuppelsaal so tolle Motive wie die gro\u00dfe Sauer-Orgel, die Kanzel und die riesigen [&hellip;]<\/p>\n","protected":false},"author":7,"featured_media":17729,"comment_status":"closed","ping_status":"closed","sticky":false,"template":"wp-custom-template-zeichentreffen","format":"standard","meta":{"footnotes":""},"categories":[145],"tags":[],"class_list":["post-17728","post","type-post","status-publish","format-standard","has-post-thumbnail","hentry","category-zeichentreffen"],"mb":[],"mfb_rest_fields":["title"],"post_mailing_queue_ids":[],"_links":{"self":[{"href":"https:\/\/berlinusk.org\/en\/wp-json\/wp\/v2\/posts\/17728","targetHints":{"allow":["GET"]}}],"collection":[{"href":"https:\/\/berlinusk.org\/en\/wp-json\/wp\/v2\/posts"}],"about":[{"href":"https:\/\/berlinusk.org\/en\/wp-json\/wp\/v2\/types\/post"}],"author":[{"embeddable":true,"href":"https:\/\/berlinusk.org\/en\/wp-json\/wp\/v2\/users\/7"}],"replies":[{"embeddable":true,"href":"https:\/\/berlinusk.org\/en\/wp-json\/wp\/v2\/comments?post=17728"}],"version-history":[{"count":2,"href":"https:\/\/berlinusk.org\/en\/wp-json\/wp\/v2\/posts\/17728\/revisions"}],"predecessor-version":[{"id":17731,"href":"https:\/\/berlinusk.org\/en\/wp-json\/wp\/v2\/posts\/17728\/revisions\/17731"}],"wp:featuredmedia":[{"embeddable":true,"href":"https:\/\/berlinusk.org\/en\/wp-json\/wp\/v2\/media\/17729"}],"wp:attachment":[{"href":"https:\/\/berlinusk.org\/en\/wp-json\/wp\/v2\/media?parent=17728"}],"wp:term":[{"taxonomy":"category","embeddable":true,"href":"https:\/\/berlinusk.org\/en\/wp-json\/wp\/v2\/categories?post=17728"},{"taxonomy":"post_tag","embeddable":true,"href":"https:\/\/berlinusk.org\/en\/wp-json\/wp\/v2\/tags?post=17728"}],"curies":[{"name":"wp","href":"https:\/\/api.w.org\/{rel}","templated":true}]}}