{"id":17721,"date":"2026-01-21T15:05:34","date_gmt":"2026-01-21T13:05:34","guid":{"rendered":"https:\/\/berlinusk.org\/?p=17721"},"modified":"2026-01-23T12:13:18","modified_gmt":"2026-01-23T10:13:18","slug":"27-jan-2026-zeichnen-im-kulturforum","status":"publish","type":"post","link":"https:\/\/berlinusk.org\/en\/zeichentreffen\/27-jan-2026-zeichnen-im-kulturforum\/","title":{"rendered":"27. Jan. 2026 | Zeichnen im Kulturforum"},"content":{"rendered":"<p>Wir treffen uns im Vorraum des Kulturforums um 12 Uhr. Alle mit einer Jahreskarte der Staatlichen Museen Berlin k\u00f6nnen dann in die Gem\u00e4ldegalerie, ins Kupferstichkabinett oder auch in die nahegelegene Neue Nationalgalerie gehen.<br \/>\nOhne Eintrittskarte ist hier der Ausblick auf die Philharmonie oder das Sony Center von einer bequemen Bank im Vorraum zu sehen. Den Innenraum kann man vom Balkon des Caf\u00e9s aus zeichnen. Auch sind immer Ausstellungen in der Matth\u00e4ikirche frei zug\u00e4nglich.<br \/>\nEs gibt also viele M\u00f6glichkeiten zum Zeichnen.<br \/>\nUm 14 Uhr treffen wir uns dann im Caf\u00e9 des Kulturforum im 1. Stock.<\/p>\n<p>Zeichentreffen von Bettina Czerlitzki<\/p>\n<p>&nbsp;<\/p>","protected":false},"excerpt":{"rendered":"<p>Wir treffen uns im Vorraum des Kulturforums um 12 Uhr. Alle mit einer Jahreskarte der Staatlichen Museen Berlin k\u00f6nnen dann in die Gem\u00e4ldegalerie, ins Kupferstichkabinett oder auch in die nahegelegene Neue Nationalgalerie gehen. Ohne Eintrittskarte ist hier der Ausblick auf die Philharmonie oder das Sony Center von einer bequemen Bank im Vorraum zu sehen. Den [&hellip;]<\/p>\n","protected":false},"author":7,"featured_media":17722,"comment_status":"closed","ping_status":"closed","sticky":false,"template":"wp-custom-template-zeichentreffen","format":"standard","meta":{"footnotes":""},"categories":[145],"tags":[],"class_list":["post-17721","post","type-post","status-publish","format-standard","has-post-thumbnail","hentry","category-zeichentreffen"],"mb":[],"mfb_rest_fields":["title"],"post_mailing_queue_ids":[],"_links":{"self":[{"href":"https:\/\/berlinusk.org\/en\/wp-json\/wp\/v2\/posts\/17721","targetHints":{"allow":["GET"]}}],"collection":[{"href":"https:\/\/berlinusk.org\/en\/wp-json\/wp\/v2\/posts"}],"about":[{"href":"https:\/\/berlinusk.org\/en\/wp-json\/wp\/v2\/types\/post"}],"author":[{"embeddable":true,"href":"https:\/\/berlinusk.org\/en\/wp-json\/wp\/v2\/users\/7"}],"replies":[{"embeddable":true,"href":"https:\/\/berlinusk.org\/en\/wp-json\/wp\/v2\/comments?post=17721"}],"version-history":[{"count":3,"href":"https:\/\/berlinusk.org\/en\/wp-json\/wp\/v2\/posts\/17721\/revisions"}],"predecessor-version":[{"id":17725,"href":"https:\/\/berlinusk.org\/en\/wp-json\/wp\/v2\/posts\/17721\/revisions\/17725"}],"wp:featuredmedia":[{"embeddable":true,"href":"https:\/\/berlinusk.org\/en\/wp-json\/wp\/v2\/media\/17722"}],"wp:attachment":[{"href":"https:\/\/berlinusk.org\/en\/wp-json\/wp\/v2\/media?parent=17721"}],"wp:term":[{"taxonomy":"category","embeddable":true,"href":"https:\/\/berlinusk.org\/en\/wp-json\/wp\/v2\/categories?post=17721"},{"taxonomy":"post_tag","embeddable":true,"href":"https:\/\/berlinusk.org\/en\/wp-json\/wp\/v2\/tags?post=17721"}],"curies":[{"name":"wp","href":"https:\/\/api.w.org\/{rel}","templated":true}]}}