{"id":17601,"date":"2025-09-23T11:22:56","date_gmt":"2025-09-23T09:22:56","guid":{"rendered":"https:\/\/berlinusk.org\/?p=17601"},"modified":"2025-09-23T11:23:01","modified_gmt":"2025-09-23T09:23:01","slug":"27-sept-2025-zeichnen-und-aquarellieren-am-gendarmenmarkt","status":"publish","type":"post","link":"https:\/\/berlinusk.org\/en\/zeichentreffen\/27-sept-2025-zeichnen-und-aquarellieren-am-gendarmenmarkt\/","title":{"rendered":"27. Sept. 2025 | Zeichnen und Aquarellieren am Gendarmenmarkt"},"content":{"rendered":"<p>13\u201316 Uhr \/ Samstag<br><strong>Treffpunkt: vor dem Schiller-Denkmal auf dem Gendarmenmarkt<\/strong><br><br>Der k\u00fcrzlich sanierte Gendarmenmarkt z\u00e4hlt zu den bedeutendsten klassizistischen Platzanlagen Berlins. Urspr\u00fcnglich im 17. Jahrhundert als Teil der barocken Friedrichstadt angelegt, erhielt er seine heutige Gestalt im fr\u00fchen\u00a019. Jahrhundert durch Karl Friedrich Schinkel, der das Ensemble aus Deutschem Dom, Franz\u00f6sischem Dom und dem Konzerthaus architektonisch harmonisierte.\u00a0Die klare Platzgeometrie und die Monumentalit\u00e4t der Bauten bieten ideale Motive f\u00fcr zeichnerisches oder malerisches Arbeiten \u2013 ob als Einzelstudie oder im Ensemble. Der touristische Trubel, Skulpturen wie Schillers Denkmal und die dezente, aber vorhandene Randbepflanzung erg\u00e4nzen das urbane Bild. Treffpunkt f\u00fcr den Throwdown ist um 16 Uhr an der Freitreppe des Konzerthauses \u2013 und danach laden zahlreiche umliegende Caf\u00e9s zum Austausch ein.<\/p>\n\n\n\n<p>Zeichentreffen von Kadda Hagl (@k.hagl) und Felix B\u00e4r (@felixbaerart)<br>Bild: Felix B\u00e4r<\/p>\n\n\n\n<p>&nbsp;<\/p>\n\n\n\n<p><\/p>","protected":false},"excerpt":{"rendered":"<p>13\u201316 Uhr \/ SamstagTreffpunkt: vor dem Schiller-Denkmal auf dem Gendarmenmarkt Der k\u00fcrzlich sanierte Gendarmenmarkt z\u00e4hlt zu den bedeutendsten klassizistischen Platzanlagen Berlins. Urspr\u00fcnglich im 17. Jahrhundert als Teil der barocken Friedrichstadt angelegt, erhielt er seine heutige Gestalt im fr\u00fchen\u00a019. Jahrhundert durch Karl Friedrich Schinkel, der das Ensemble aus Deutschem Dom, Franz\u00f6sischem Dom und dem Konzerthaus architektonisch [&hellip;]<\/p>\n","protected":false},"author":18,"featured_media":17604,"comment_status":"closed","ping_status":"closed","sticky":false,"template":"wp-custom-template-zeichentreffen","format":"standard","meta":{"footnotes":""},"categories":[145],"tags":[],"class_list":["post-17601","post","type-post","status-publish","format-standard","has-post-thumbnail","hentry","category-zeichentreffen"],"mb":[],"mfb_rest_fields":["title"],"post_mailing_queue_ids":[],"_links":{"self":[{"href":"https:\/\/berlinusk.org\/en\/wp-json\/wp\/v2\/posts\/17601","targetHints":{"allow":["GET"]}}],"collection":[{"href":"https:\/\/berlinusk.org\/en\/wp-json\/wp\/v2\/posts"}],"about":[{"href":"https:\/\/berlinusk.org\/en\/wp-json\/wp\/v2\/types\/post"}],"author":[{"embeddable":true,"href":"https:\/\/berlinusk.org\/en\/wp-json\/wp\/v2\/users\/18"}],"replies":[{"embeddable":true,"href":"https:\/\/berlinusk.org\/en\/wp-json\/wp\/v2\/comments?post=17601"}],"version-history":[{"count":1,"href":"https:\/\/berlinusk.org\/en\/wp-json\/wp\/v2\/posts\/17601\/revisions"}],"predecessor-version":[{"id":17603,"href":"https:\/\/berlinusk.org\/en\/wp-json\/wp\/v2\/posts\/17601\/revisions\/17603"}],"wp:featuredmedia":[{"embeddable":true,"href":"https:\/\/berlinusk.org\/en\/wp-json\/wp\/v2\/media\/17604"}],"wp:attachment":[{"href":"https:\/\/berlinusk.org\/en\/wp-json\/wp\/v2\/media?parent=17601"}],"wp:term":[{"taxonomy":"category","embeddable":true,"href":"https:\/\/berlinusk.org\/en\/wp-json\/wp\/v2\/categories?post=17601"},{"taxonomy":"post_tag","embeddable":true,"href":"https:\/\/berlinusk.org\/en\/wp-json\/wp\/v2\/tags?post=17601"}],"curies":[{"name":"wp","href":"https:\/\/api.w.org\/{rel}","templated":true}]}}