{"id":17553,"date":"2025-08-25T08:52:45","date_gmt":"2025-08-25T06:52:45","guid":{"rendered":"https:\/\/berlinusk.org\/?p=17553"},"modified":"2025-08-25T08:52:45","modified_gmt":"2025-08-25T06:52:45","slug":"26-aug-2025-zeichnen-in-den-hoefen-des-muehlenhaupt-museums","status":"publish","type":"post","link":"https:\/\/berlinusk.org\/en\/zeichentreffen_ohne_mail\/26-aug-2025-zeichnen-in-den-hoefen-des-muehlenhaupt-museums\/","title":{"rendered":"26. Aug. 2025 | Zeichnen in den H\u00f6fen des M\u00fchlenhaupt Museums"},"content":{"rendered":"<p>12 &#8211; 15 Uhr<\/p>\n<p>F\u00fcr alle, die nach Poznan noch Kraft haben, und die daheim gebliebenen. Wir treffen uns in den H\u00f6fen des M\u00fchlenhaupt Museums, Fidicinstra\u00dfe 40, um 12 Uhr. Mit der U 6 oder die Busse 248 und<br \/>\nM 43 bis Platz der Luftbr\u00fccke fahren.<br \/>\nWenn wir Gl\u00fcck haben ist auch das kleine M\u00fchlenhaupt Museum ge\u00f6ffnet.<\/p>\n<p>Zeichentreffen von Bettina Czerlitzki<\/p>\n<p>&nbsp;<\/p>","protected":false},"excerpt":{"rendered":"<p>12 &#8211; 15 Uhr F\u00fcr alle, die nach Poznan noch Kraft haben, und die daheim gebliebenen. Wir treffen uns in den H\u00f6fen des M\u00fchlenhaupt Museums, Fidicinstra\u00dfe 40, um 12 Uhr. Mit der U 6 oder die Busse 248 und M 43 bis Platz der Luftbr\u00fccke fahren. Wenn wir Gl\u00fcck haben ist auch das kleine M\u00fchlenhaupt [&hellip;]<\/p>\n","protected":false},"author":7,"featured_media":17554,"comment_status":"closed","ping_status":"closed","sticky":false,"template":"wp-custom-template-zeichentreffen","format":"standard","meta":{"footnotes":""},"categories":[242],"tags":[],"class_list":["post-17553","post","type-post","status-publish","format-standard","has-post-thumbnail","hentry","category-zeichentreffen_ohne_mail"],"mb":[],"mfb_rest_fields":["title"],"post_mailing_queue_ids":[],"_links":{"self":[{"href":"https:\/\/berlinusk.org\/en\/wp-json\/wp\/v2\/posts\/17553","targetHints":{"allow":["GET"]}}],"collection":[{"href":"https:\/\/berlinusk.org\/en\/wp-json\/wp\/v2\/posts"}],"about":[{"href":"https:\/\/berlinusk.org\/en\/wp-json\/wp\/v2\/types\/post"}],"author":[{"embeddable":true,"href":"https:\/\/berlinusk.org\/en\/wp-json\/wp\/v2\/users\/7"}],"replies":[{"embeddable":true,"href":"https:\/\/berlinusk.org\/en\/wp-json\/wp\/v2\/comments?post=17553"}],"version-history":[{"count":2,"href":"https:\/\/berlinusk.org\/en\/wp-json\/wp\/v2\/posts\/17553\/revisions"}],"predecessor-version":[{"id":17556,"href":"https:\/\/berlinusk.org\/en\/wp-json\/wp\/v2\/posts\/17553\/revisions\/17556"}],"wp:featuredmedia":[{"embeddable":true,"href":"https:\/\/berlinusk.org\/en\/wp-json\/wp\/v2\/media\/17554"}],"wp:attachment":[{"href":"https:\/\/berlinusk.org\/en\/wp-json\/wp\/v2\/media?parent=17553"}],"wp:term":[{"taxonomy":"category","embeddable":true,"href":"https:\/\/berlinusk.org\/en\/wp-json\/wp\/v2\/categories?post=17553"},{"taxonomy":"post_tag","embeddable":true,"href":"https:\/\/berlinusk.org\/en\/wp-json\/wp\/v2\/tags?post=17553"}],"curies":[{"name":"wp","href":"https:\/\/api.w.org\/{rel}","templated":true}]}}